{"id":6,"date":"2011-11-24T16:39:24","date_gmt":"2011-11-24T16:39:24","guid":{"rendered":"http:\/\/blog.zhdk.ch\/kint\/?p=6"},"modified":"2013-11-21T05:39:21","modified_gmt":"2013-11-21T04:39:21","slug":"brief-1","status":"publish","type":"post","link":"https:\/\/teuwissen.ch\/kleistinthun\/brief-1\/","title":{"rendered":"Vorschau"},"content":{"rendered":"<p style=\"text-align: right;\"><span style=\"color: #ff9900;\"><a href=\"http:\/\/teuwissen.ch\/kleistinthun\/wp-content\/uploads\/2011\/11\/kleistmuppet5.jpeg\" target=\"_blank\"><img loading=\"lazy\" decoding=\"async\" class=\"alignleft\" alt=\"\" src=\"http:\/\/teuwissen.ch\/kleistinthun\/wp-content\/uploads\/2011\/11\/kleistmuppet5.jpeg\" width=\"202\" height=\"213\" \/><\/a><\/span><span style=\"color: #800000;\"><span style=\"color: #9e3d3d;\"><em>Er m\u00f6chte nur noch Augen haben, nur noch ein einziges Auge sein. Nein, ganz, ganz anders.<\/em><\/span><strong><br \/>\n<\/strong><\/span><span style=\"color: #9e3d3d;\"><strong>Robert Walser<\/strong>\u00a0 <em>Kleist in Thun<\/em><\/span><\/p>\n<p><span style=\"color: #ff9900;\"><span style=\"color: #c0c0c0;\">Vor langer Zeit hat es einen leicht weltfremden Herrn aus dem Norden an den Thuner See verschlagen. Er l\u00e4sst sich von einem &#8222;reizenden Bernermeitschi&#8220; bewirten, liebt die Landschaft, und ihm schweben Dinge vor wie: &#8222;eine wackere Tat, ein Kind und ein sch\u00f6nes Gedicht&#8220;. Sein Name: Kleist.<\/span><\/span><\/p>\n<p><span style=\"color: #c0c0c0;\">Hundert Jahre sp\u00e4ter schreibt Robert Walser \u00fcber ihn eine kurze, ironisch-einf\u00fchlsame Erz\u00e4hlung. Darin beschreibt er den jungen Dichter als vertr\u00e4umt, schrullig und etwas \u00fcberkandidelt. Figuren, die ausfransen liegen Walser und verspottet er auch hie und da den Dichterkollegen mit flapsig-frechen Spr\u00fcchen, so n\u00e4hert er sich ihm gleichzeitig mit seiner ganzen helvetischen Melancholie.<\/span><\/p>\n<p><span style=\"color: #c0c0c0;\">In dieser Inszenierung treten Kleist, Walser und gleich ganz Thun auf. Die B\u00fchne ist H\u00f6rsaal, Schaubude, Schreibecke, Schmiede und Marktplatz zugleich. Mit poetischen Brechungen, Musik, Gepolter und Scherz, aber immer liebevoll versucht diese Nachstellung Kleist und Walser das Klassische, Allzuklassische zu nehmen und zerbrechliche Menschen in ihrer Kindlichkeit, ihrer Gr\u00f6sse und Verlorenheit in den Vordergrund zu r\u00fccken.<\/span><\/p>\n<p style=\"text-align: center;\"><span style=\"color: #c0c0c0;\">PREMIERE<strong>: Donnerstag 01. M\u00e4rz 2012 <span style=\"color: #ffcc99;\">(= <\/span><\/strong><span style=\"color: #ffcc99;\">Ausverkauft<strong>)<\/strong><\/span><span style=\"text-decoration: underline;\"><br \/>\n<strong><a href=\"http:\/\/www.theater-stadelhofen.ch\/\" target=\"_blank\"><span style=\"color: #c0c0c0; text-decoration: underline;\">THEATER STADELHOFEN<\/span><\/a><\/strong><a><span style=\"color: #c0c0c0; text-decoration: underline;\"><strong><br \/>\n<\/strong><\/span><\/a><a title=\"Wo Wann Wer\" href=\"http:\/\/teuwissen.ch\/kleistinthun\/vorschau\/\" target=\"_blank\"><span style=\"color: #c0c0c0; text-decoration: underline;\"><strong>WO, WANN, WER<\/strong><\/span><\/a><\/span><\/span><\/p>\n<p style=\"text-align: right;\"><span style=\"color: #ffff99;\"><strong>P\u00a0 R\u00a0 E\u00a0 S\u00a0 S\u00a0 E<\/strong><\/span><\/p>\n<p style=\"text-align: right;\"><a href=\"http:\/\/www.zueritipp.ch\/buehne\/buehne\/wieder-draussen\/story\/29327379\/\">&#8222;Wieder Draussen&#8220;<\/a><br \/>\n<span style=\"color: #ffff99;\">(Portr\u00e4t Z\u00fcriTipp)<\/span><\/p>\n<p style=\"text-align: right;\"><a href=\"http:\/\/www.theater-stadelhofen.ch\/download\/2013_2014\/theaterderzeit_web.pdf\" target=\"_blank\"><strong>Theater der Zeit:<\/strong> Portr\u00e4t M. Huber<\/a> (Nov. 2013)<\/p>\n<p style=\"text-align: right;\"><span style=\"color: #cc99ff;\"><em>&#8222;Es ist eine faszinierend schaurige Holzmarionette, die da von den Schauspielern bespielt wird oder zusammengesunken auf den grauen Quadern sitzt&#8230;ein dichter Abend&#8230; Intensiv und anr\u00fchrend, witzig und schauderlich zugleich&#8230; eine pr\u00e4zise, bestechend sch\u00f6ne Umsetzung&#8230;<\/em>&#8222;<\/span><br \/>\n<span style=\"color: #ffff99;\"> <strong>Tagesanzeiger <\/strong>Mo. 05.03.2012<\/span><a href=\"http:\/\/www.theater-stadelhofen.ch\/download\/2011_2012\/TA_kleistinthun_05032012_kleiner.pdf\"><br \/>\nHier zur vollst\u00e4ndigen Kritik TA<\/a><\/p>\n<p style=\"text-align: right;\"><span style=\"color: #cc99ff;\"><em>Welch sinnige Idee, diesen Text mit zwei Schauspielern und einem Musiker in einer einst\u00fcndigen Inszenierung auf die B\u00fchne zu bringen..<\/em><em>. Dreistimmige, absurde Lieder ert\u00f6nen da als Verballhornung des Landlebens. Musiker Pascal Destraz,\u00a0 mit seiner schnittigen Frisur, den kurzen Hosen und den senfgelben Kniesocken &#8230; zaubert\u00a0 mit dem Mini-Klavier gelungene Ger\u00e4uschkulissen. Die Verlorenheit Kleists in der Welt erh\u00e4lt einen ironischen Touch mit dem fortgaloppierenden Hampelmannpferd. Wie schon Walser sich nicht vor Kleist verbeugte, sondern eine Spannung zu ihm aufbaute, so lebt auch Hubers Inszenierung von der Differenz zu den Autoren.<\/em><\/span><br \/>\n<span style=\"color: #cc99ff;\"><span style=\"color: #ffff99;\"> <strong>NZZ <\/strong>Di. 06.03.2012<\/span><a href=\"http:\/\/www.theater-stadelhofen.ch\/download\/2011_2012\/nzz_kleist_in_thun.pdf\"><br \/>\nHier zur vollst\u00e4ndigen Kritik NZZ<\/a><strong><br \/>\n<\/strong><\/span><\/p>\n<p><a href=\"http:\/\/teuwissen.ch\/kleistinthun\/wp-content\/uploads\/2012\/01\/Fel_001777.jpg\" target=\"_blank\"><img loading=\"lazy\" decoding=\"async\" class=\"alignright\" alt=\"\" src=\"http:\/\/teuwissen.ch\/kleistinthun\/wp-content\/uploads\/2012\/01\/Fel_001777-300x196.jpg\" width=\"300\" height=\"196\" \/><\/a><\/p>\n<p align=\"right\"><span style=\"color: #00ffff;\"><span style=\"color: #9e3d3d;\"><strong><em>Und die Glocken. Wie sie daherschallen, daherspringen mit Sch\u00e4llen und Tonwellen. Wie es \u00fcber das ganze, sonnt\u00e4glich umsonnte St\u00e4dtchen glitzert, leuchtet, blaut und l\u00e4utet.<\/em><br \/>\n<\/strong>Kleist in Thun<\/span><strong><span style=\"color: #9e3d3d;\"> Robert Walser<\/span><em><\/em><\/strong><\/span><\/p>\n<p style=\"text-align: center;\"><a href=\"http:\/\/teuwissen.ch\/kleistinthun\/wp-content\/uploads\/2011\/11\/rippskizz04.jpg\" target=\"_blank\"><img loading=\"lazy\" decoding=\"async\" class=\"aligncenter\" alt=\"\" src=\"http:\/\/teuwissen.ch\/kleistinthun\/wp-content\/uploads\/2011\/11\/rippskizz04-300x160.jpg\" width=\"226\" height=\"126\" \/><\/a><span style=\"color: #9e3d3d;\"><em style=\"text-align: left;\"><strong>Scharfes Denken liegt mir g\u00e4nzlich fern&#8230;<\/strong><\/em><strong><br \/>\n<\/strong>Robert WALSER<\/span><\/p>\n<p><a href=\"http:\/\/teuwissen.ch\/kleistinthun\/wp-content\/uploads\/2011\/11\/rippskizz03.jpg\" target=\"_blank\"><img loading=\"lazy\" decoding=\"async\" class=\"aligncenter\" alt=\"\" src=\"http:\/\/teuwissen.ch\/kleistinthun\/wp-content\/uploads\/2011\/11\/rippskizz03-274x300.jpg\" width=\"164\" height=\"180\" \/><\/a><a href=\"http:\/\/teuwissen.ch\/kleistinthun\/bibliothek\/ver-weiterfuhrungen\/wort-fur-wort\/\" target=\"_blank\">F\u00fcr Walsers Text <em><strong>Kleist in Thun<\/strong><\/em> (Wort f\u00fcr Wort) siehe Hier<\/a><\/p>\n<p><span style=\"color: #daa520;\"><span style=\"text-decoration: underline; color: #3366ff;\"><strong><span style=\"color: #3366ff; text-decoration: underline;\">\u00a0<\/span><\/strong><\/span><\/span><\/p>\n","protected":false},"excerpt":{"rendered":"<p>Er m\u00f6chte nur noch Augen haben, nur noch ein einziges Auge sein. Nein, ganz, ganz anders. Robert Walser\u00a0 Kleist in Thun Vor langer Zeit hat es einen leicht weltfremden Herrn aus dem Norden an den Thuner See verschlagen. Er l\u00e4sst &hellip; <a href=\"https:\/\/teuwissen.ch\/kleistinthun\/brief-1\/\">Weiterlesen <span class=\"meta-nav\">&rarr;<\/span><\/a><\/p>\n","protected":false},"author":1,"featured_media":14,"comment_status":"open","ping_status":"closed","sticky":false,"template":"","format":"standard","meta":{"footnotes":""},"categories":[3],"tags":[],"class_list":["post-6","post","type-post","status-publish","format-standard","has-post-thumbnail","hentry","category-allgemein"],"jetpack_featured_media_url":"https:\/\/teuwissen.ch\/kleistinthun\/wp-content\/uploads\/2011\/11\/kleister.jpeg","_links":{"self":[{"href":"https:\/\/teuwissen.ch\/kleistinthun\/wp-json\/wp\/v2\/posts\/6","targetHints":{"allow":["GET"]}}],"collection":[{"href":"https:\/\/teuwissen.ch\/kleistinthun\/wp-json\/wp\/v2\/posts"}],"about":[{"href":"https:\/\/teuwissen.ch\/kleistinthun\/wp-json\/wp\/v2\/types\/post"}],"author":[{"embeddable":true,"href":"https:\/\/teuwissen.ch\/kleistinthun\/wp-json\/wp\/v2\/users\/1"}],"replies":[{"embeddable":true,"href":"https:\/\/teuwissen.ch\/kleistinthun\/wp-json\/wp\/v2\/comments?post=6"}],"version-history":[{"count":64,"href":"https:\/\/teuwissen.ch\/kleistinthun\/wp-json\/wp\/v2\/posts\/6\/revisions"}],"predecessor-version":[{"id":1422,"href":"https:\/\/teuwissen.ch\/kleistinthun\/wp-json\/wp\/v2\/posts\/6\/revisions\/1422"}],"wp:featuredmedia":[{"embeddable":true,"href":"https:\/\/teuwissen.ch\/kleistinthun\/wp-json\/wp\/v2\/media\/14"}],"wp:attachment":[{"href":"https:\/\/teuwissen.ch\/kleistinthun\/wp-json\/wp\/v2\/media?parent=6"}],"wp:term":[{"taxonomy":"category","embeddable":true,"href":"https:\/\/teuwissen.ch\/kleistinthun\/wp-json\/wp\/v2\/categories?post=6"},{"taxonomy":"post_tag","embeddable":true,"href":"https:\/\/teuwissen.ch\/kleistinthun\/wp-json\/wp\/v2\/tags?post=6"}],"curies":[{"name":"wp","href":"https:\/\/api.w.org\/{rel}","templated":true}]}}